{"id":7310,"date":"2026-09-05T09:56:51","date_gmt":"2026-09-05T14:56:51","guid":{"rendered":"https:\/\/iicbogota.esteri.it\/?p=7310"},"modified":"2026-09-05T10:02:09","modified_gmt":"2026-09-05T15:02:09","slug":"incontri-di-formazione-per-insegnanti-di-italiano-con-telis-marin-di-edilingua-a-bogota","status":"publish","type":"post","link":"https:\/\/iicbogota.esteri.it\/it\/news\/dall_istituto\/2026\/09\/incontri-di-formazione-per-insegnanti-di-italiano-con-telis-marin-di-edilingua-a-bogota\/","title":{"rendered":"Incontro di formazione per insegnanti di italiano con Telis Marin di EdiLingua a Bogot\u00e0."},"content":{"rendered":"<p>Edilingua torna in America Latina con un nuovo ciclo di incontri di formazione dedicati agli insegnanti di italiano in Per\u00f9, Colombia e Cile.<\/p>\n<p><strong>Titolo della conferenza: Neurodidattica: insegnare nel modo in cui il cervello apprende.<\/strong><br \/>\nIn questo intervento, attraverso attivit\u00e0 pratiche, scopriremo i principi pi\u00f9 importanti della neurodidattica: apprendimento emotivo, cooperativo, multisensoriale, attivo, ma parleremo anche dell\u2019importanza e delle modalit\u00e0 del rinforzo e del feedback continuo. Rifletteremo sul perch\u00e9 di questi approcci, tenendo conto delle scoperte pi\u00f9 recenti, ma soprattutto su come applicarli per venire incontro alle esigenze cognitive ed emotive dei nostri studenti e migliorare in questo modo l\u2019efficacia delle nostre lezioni.<\/p>\n<p><span style=\"text-decoration: underline;\"><strong>L\u2019intelligenza artificiale \u00e8 qui e ci rende insegnanti migliori! Nuovi strumenti e competenze per lezioni pi\u00f9 efficaci.<\/strong><\/span><br \/>\nL\u2019intelligenza artificiale \u00e8 ormai entrata con forza nel mondo dell\u2019insegnamento dell\u2019italiano. Nella grande babele rappresentata oggi dall\u2019IA, che mette a nostra disposizione tantissimi strumenti molto diversi tra loro e con grandi limiti, abbiamo bisogno di nuove competenze e soluzioni create ad hoc. In questo webinar scopriremo come AIDA (Assistente Intelligente per la Didattica e l\u2019Apprendimento) ci pu\u00f2 aiutare a:<br \/>\n\u2022 pianificare lezioni su misura per ogni classe<br \/>\n\u2022 risparmiare tempo con la correzione automatica dei compiti scritti<br \/>\n\u2022 personalizzare le attivit\u00e0 del manuale in uso<br \/>\n\u2022 assegnare compiti orali e ricevere feedback sul parlato degli studenti<br \/>\n\u2022 creare test intelligenti sui veri bisogni di ogni studente<br \/>\n\u2022 monitorare i progressi in tempo reale e tanto altro ancora<\/p>\n<p><strong>Vi aspettiamo luned\u00ec 19 ottobre, 8:30 \u2013 12:30<\/strong><br \/>\nISTITUTO ITALIANO DI CULTURA DI BOGOT\u00c1 (<a href=\"https:\/\/maps.app.goo.gl\/sqaXb3NJvarLehfQ6\" target=\"_blank\" rel=\"noopener\">CL. 35 #15-32<\/a>)<br \/>\n<strong>La partecipazione \u00e8 gratuita<\/strong>, ma \u00e8 richiesta l&#8217;iscrizione. <a href=\"https:\/\/survs.com\/survey\/ef16laqi2s\" target=\"_blank\" rel=\"noopener\"><strong>Iscrizioni aperte qui.<\/strong><\/a><\/p>\n<p>Relatore:\u00a0<em>Telis Marin<\/em>, insegnante, autore, formatore e direttore di Edizioni Edilingua<\/p>\n<p>Gli insegnanti presenti saranno chiamati a riflettere e lavorare attivamente su materiali didattici. Riceveranno\u00a0<strong>in omaggio una copia cartacea<\/strong>\u00a0di un manuale Edilingua nell\u2019edizione arricchita e l\u2019<strong>attestato di partecipazione<\/strong>. Per qualsiasi informazione scrivete a:\u00a0<a href=\"mailto:elio.lucarelli@edilingua.it\">elio.lucarelli@edilingua.it<\/a>.<\/p>\n<p>Verr\u00e0 allestito anche un <strong>tavolo espositivo<\/strong> dove si potranno sfogliare i titoli pi\u00f9 importanti e le novit\u00e0 pi\u00f9 recenti di EdiLingua.<\/p>\n<p>Vi aspettiamo numerosi!<\/p>\n","protected":false},"excerpt":{"rendered":"Edilingua torna in America Latina con un nuovo ciclo di incontri di formazione dedicati agli insegnanti di italiano in Per\u00f9, Colombia e Cile. Titolo della conferenza: Neurodidattica: insegnare nel modo in cui il cervello apprende. In questo intervento, attraverso attivit\u00e0 pratiche, scopriremo i principi pi\u00f9 importanti della neurodidattica: apprendimento emotivo, cooperativo, multisensoriale, attivo, ma parleremo [&hellip;]","protected":false},"author":3,"featured_media":7313,"comment_status":"closed","ping_status":"closed","sticky":false,"template":"","format":"standard","meta":{"footnotes":""},"tags":[],"class_list":["post-7310","post","type-post","status-publish","format-standard","has-post-thumbnail","hentry"],"_links":{"self":[{"href":"https:\/\/iicbogota.esteri.it\/it\/wp-json\/wp\/v2\/posts\/7310","targetHints":{"allow":["GET"]}}],"collection":[{"href":"https:\/\/iicbogota.esteri.it\/it\/wp-json\/wp\/v2\/posts"}],"about":[{"href":"https:\/\/iicbogota.esteri.it\/it\/wp-json\/wp\/v2\/types\/post"}],"author":[{"embeddable":true,"href":"https:\/\/iicbogota.esteri.it\/it\/wp-json\/wp\/v2\/users\/3"}],"replies":[{"embeddable":true,"href":"https:\/\/iicbogota.esteri.it\/it\/wp-json\/wp\/v2\/comments?post=7310"}],"version-history":[{"count":2,"href":"https:\/\/iicbogota.esteri.it\/it\/wp-json\/wp\/v2\/posts\/7310\/revisions"}],"predecessor-version":[{"id":7320,"href":"https:\/\/iicbogota.esteri.it\/it\/wp-json\/wp\/v2\/posts\/7310\/revisions\/7320"}],"wp:featuredmedia":[{"embeddable":true,"href":"https:\/\/iicbogota.esteri.it\/it\/wp-json\/wp\/v2\/media\/7313"}],"wp:attachment":[{"href":"https:\/\/iicbogota.esteri.it\/it\/wp-json\/wp\/v2\/media?parent=7310"}],"wp:term":[{"taxonomy":"post_tag","embeddable":true,"href":"https:\/\/iicbogota.esteri.it\/it\/wp-json\/wp\/v2\/tags?post=7310"}],"curies":[{"name":"wp","href":"https:\/\/api.w.org\/{rel}","templated":true}]}}