{"id":7317,"date":"2026-09-05T09:56:51","date_gmt":"2026-09-05T14:56:51","guid":{"rendered":"https:\/\/iicbogota.esteri.it\/news\/dall_istituto\/2026\/09\/incontri-di-formazione-per-insegnanti-di-italiano-con-telis-marin-di-edilingua-a-bogota\/"},"modified":"2026-09-05T09:59:07","modified_gmt":"2026-09-05T14:59:07","slug":"incontri-di-formazione-per-insegnanti-di-italiano-con-telis-marin-di-edilingua-a-bogota","status":"publish","type":"post","link":"https:\/\/iicbogota.esteri.it\/es\/news\/dall_istituto\/2026\/09\/incontri-di-formazione-per-insegnanti-di-italiano-con-telis-marin-di-edilingua-a-bogota\/","title":{"rendered":"Encuentro de formaci\u00f3n para docentes de italiano con Telis Marin de Edilingua en Bogot\u00e1."},"content":{"rendered":"<p class=\"isSelectedEnd\"><strong>Edilingua regresa a Am\u00e9rica Latina con un nuevo ciclo de encuentros de formaci\u00f3n dirigido a docentes de italiano en Per\u00fa, Colombia y Chile.<\/strong><\/p>\n<p class=\"isSelectedEnd\"><strong>T\u00edtulo de la conferencia: Neurodid\u00e1ctica: ense\u00f1ar de la manera en que aprende el cerebro<\/strong><\/p>\n<p class=\"isSelectedEnd\">En esta actividad, a trav\u00e9s de ejercicios pr\u00e1cticos, descubriremos los principios m\u00e1s importantes de la neurodid\u00e1ctica: el aprendizaje emocional, cooperativo, multisensorial y activo. Tambi\u00e9n hablaremos sobre la importancia y las modalidades del refuerzo y del feedback continuo. Reflexionaremos sobre el porqu\u00e9 de estos enfoques, teniendo en cuenta los descubrimientos m\u00e1s recientes, pero sobre todo sobre c\u00f3mo aplicarlos para responder a las necesidades cognitivas y emocionales de nuestros estudiantes y mejorar as\u00ed la eficacia de nuestras clases.<\/p>\n<p class=\"isSelectedEnd\"><strong>\u00a1La inteligencia artificial est\u00e1 aqu\u00ed y nos convierte en mejores docentes! Nuevas herramientas y competencias para clases m\u00e1s eficaces<\/strong><\/p>\n<p class=\"isSelectedEnd\">La inteligencia artificial ha irrumpido con fuerza en el mundo de la ense\u00f1anza del italiano. En la gran babel que representa hoy la IA, que pone a nuestra disposici\u00f3n una enorme variedad de herramientas muy diferentes entre s\u00ed y con importantes limitaciones, necesitamos desarrollar nuevas competencias y soluciones creadas espec\u00edficamente para nuestras necesidades.<\/p>\n<p class=\"isSelectedEnd\">En este webinar descubriremos c\u00f3mo <strong>AIDA (Asistente Inteligente para la Did\u00e1ctica y el Aprendizaje)<\/strong> puede ayudarnos a:<\/p>\n<p class=\"isSelectedEnd\">\u2022 planificar clases adaptadas a cada grupo<br \/>\n\u2022 ahorrar tiempo mediante la correcci\u00f3n autom\u00e1tica de las tareas escritas<br \/>\n\u2022 personalizar las actividades del manual utilizado<br \/>\n\u2022 asignar tareas orales y recibir feedback sobre la expresi\u00f3n oral de los estudiantes<br \/>\n\u2022 crear pruebas inteligentes basadas en las necesidades reales de cada estudiante<br \/>\n\u2022 monitorear los avances en tiempo real y mucho m\u00e1s<\/p>\n<p class=\"isSelectedEnd\"><span style=\"text-decoration: underline;\"><strong>Los esperamos el lunes 19 de octubre, de 8:30 a 12:30 <\/strong><\/span><strong>en el <\/strong><strong>INSTITUTO ITALIANO DE CULTURA DE BOGOT\u00c1 (<\/strong>CL. 35 #15-32)<\/p>\n<p class=\"isSelectedEnd\"><strong>La participaci\u00f3n es gratuita<\/strong>, pero es necesario inscribirse. <a href=\"https:\/\/survs.com\/survey\/ef16laqi2s\"><strong>Inscripciones abiertas aqu\u00ed.<\/strong><\/a><\/p>\n<p class=\"isSelectedEnd\"><strong>Relator:<\/strong> <em>Telis Marin<\/em>, docente, autor, formador y director de Ediciones Edilingua.<\/p>\n<p class=\"isSelectedEnd\">Los docentes participantes ser\u00e1n invitados a reflexionar y trabajar activamente con materiales did\u00e1cticos. Recibir\u00e1n <strong>como obsequio un ejemplar impreso<\/strong> de un manual de Edilingua en su edici\u00f3n enriquecida, as\u00ed como el <strong>certificado de participaci\u00f3n<\/strong>.<\/p>\n<p class=\"isSelectedEnd\">Para cualquier informaci\u00f3n, pueden escribir a: <a href=\"mailto:elio.lucarelli@edilingua.it\">elio.lucarelli@edilingua.it<\/a>.<\/p>\n<p class=\"isSelectedEnd\">Tambi\u00e9n se dispondr\u00e1 de un <strong>stand de exhibici\u00f3n<\/strong>, donde podr\u00e1n conocer y consultar los t\u00edtulos m\u00e1s importantes y las novedades m\u00e1s recientes de Edilingua.<\/p>\n<p><strong>\u00a1Los esperamos!<\/strong><\/p>\n","protected":false},"excerpt":{"rendered":"Edilingua regresa a Am\u00e9rica Latina con un nuevo ciclo de encuentros de formaci\u00f3n dirigido a docentes de italiano en Per\u00fa, Colombia y Chile. T\u00edtulo de la conferencia: Neurodid\u00e1ctica: ense\u00f1ar de la manera en que aprende el cerebro En esta actividad, a trav\u00e9s de ejercicios pr\u00e1cticos, descubriremos los principios m\u00e1s importantes de la neurodid\u00e1ctica: el aprendizaje [&hellip;]","protected":false},"author":3,"featured_media":7313,"comment_status":"closed","ping_status":"closed","sticky":false,"template":"","format":"standard","meta":{"footnotes":""},"tags":[],"class_list":["post-7317","post","type-post","status-publish","format-standard","has-post-thumbnail","hentry"],"_links":{"self":[{"href":"https:\/\/iicbogota.esteri.it\/es\/wp-json\/wp\/v2\/posts\/7317","targetHints":{"allow":["GET"]}}],"collection":[{"href":"https:\/\/iicbogota.esteri.it\/es\/wp-json\/wp\/v2\/posts"}],"about":[{"href":"https:\/\/iicbogota.esteri.it\/es\/wp-json\/wp\/v2\/types\/post"}],"author":[{"embeddable":true,"href":"https:\/\/iicbogota.esteri.it\/es\/wp-json\/wp\/v2\/users\/3"}],"replies":[{"embeddable":true,"href":"https:\/\/iicbogota.esteri.it\/es\/wp-json\/wp\/v2\/comments?post=7317"}],"version-history":[{"count":1,"href":"https:\/\/iicbogota.esteri.it\/es\/wp-json\/wp\/v2\/posts\/7317\/revisions"}],"predecessor-version":[{"id":7318,"href":"https:\/\/iicbogota.esteri.it\/es\/wp-json\/wp\/v2\/posts\/7317\/revisions\/7318"}],"wp:featuredmedia":[{"embeddable":true,"href":"https:\/\/iicbogota.esteri.it\/es\/wp-json\/wp\/v2\/media\/7313"}],"wp:attachment":[{"href":"https:\/\/iicbogota.esteri.it\/es\/wp-json\/wp\/v2\/media?parent=7317"}],"wp:term":[{"taxonomy":"post_tag","embeddable":true,"href":"https:\/\/iicbogota.esteri.it\/es\/wp-json\/wp\/v2\/tags?post=7317"}],"curies":[{"name":"wp","href":"https:\/\/api.w.org\/{rel}","templated":true}]}}