{"id":2243,"date":"2024-01-26T10:56:41","date_gmt":"2024-01-26T15:56:41","guid":{"rendered":"https:\/\/iicbogota.esteri.it\/news\/dall_istituto\/2024\/01\/scomparsa-del-dr-nelson-osorio-addetto-culturale-della-colombia-in-italia\/"},"modified":"2024-01-29T10:58:36","modified_gmt":"2024-01-29T15:58:36","slug":"scomparsa-del-dr-nelson-osorio-addetto-culturale-della-colombia-in-italia","status":"publish","type":"post","link":"https:\/\/iicbogota.esteri.it\/es\/news\/dall_istituto\/2024\/01\/scomparsa-del-dr-nelson-osorio-addetto-culturale-della-colombia-in-italia\/","title":{"rendered":"Fallecimiento del Dr. Nelson Osorio, Agregado Cultural de Colombia en Italia"},"content":{"rendered":"<p>El Istituto Italiano di Cultura de Bogot\u00e1 se une al dolor de los familiares por la p\u00e9rdida del Dr. Nelson Osorio, Agregado Cultural de Colombia en Italia, historiador y erudito. El Dr. Osorio, que recibi\u00f3 tambi\u00e9n la alta condecoraci\u00f3n de Gran Ufficiale de la Orden de la Estrella de Italia por el Gobierno Italiano, trabaj\u00f3 incansablemente durante toda su vida para impulsar y profundizar las relaciones culturales entre Italia y Colombia.<\/p>\n","protected":false},"excerpt":{"rendered":"El Istituto Italiano di Cultura de Bogot\u00e1 se une al dolor de los familiares por la p\u00e9rdida del Dr. Nelson Osorio, Agregado Cultural de Colombia en Italia, historiador y erudito. El Dr. Osorio, que recibi\u00f3 tambi\u00e9n la alta condecoraci\u00f3n de Gran Ufficiale de la Orden de la Estrella de Italia por el Gobierno Italiano, trabaj\u00f3 [&hellip;]","protected":false},"author":3,"featured_media":2240,"comment_status":"closed","ping_status":"closed","sticky":false,"template":"","format":"standard","meta":{"footnotes":""},"tags":[],"class_list":["post-2243","post","type-post","status-publish","format-standard","has-post-thumbnail","hentry"],"_links":{"self":[{"href":"https:\/\/iicbogota.esteri.it\/es\/wp-json\/wp\/v2\/posts\/2243","targetHints":{"allow":["GET"]}}],"collection":[{"href":"https:\/\/iicbogota.esteri.it\/es\/wp-json\/wp\/v2\/posts"}],"about":[{"href":"https:\/\/iicbogota.esteri.it\/es\/wp-json\/wp\/v2\/types\/post"}],"author":[{"embeddable":true,"href":"https:\/\/iicbogota.esteri.it\/es\/wp-json\/wp\/v2\/users\/3"}],"replies":[{"embeddable":true,"href":"https:\/\/iicbogota.esteri.it\/es\/wp-json\/wp\/v2\/comments?post=2243"}],"version-history":[{"count":1,"href":"https:\/\/iicbogota.esteri.it\/es\/wp-json\/wp\/v2\/posts\/2243\/revisions"}],"predecessor-version":[{"id":2244,"href":"https:\/\/iicbogota.esteri.it\/es\/wp-json\/wp\/v2\/posts\/2243\/revisions\/2244"}],"wp:featuredmedia":[{"embeddable":true,"href":"https:\/\/iicbogota.esteri.it\/es\/wp-json\/wp\/v2\/media\/2240"}],"wp:attachment":[{"href":"https:\/\/iicbogota.esteri.it\/es\/wp-json\/wp\/v2\/media?parent=2243"}],"wp:term":[{"taxonomy":"post_tag","embeddable":true,"href":"https:\/\/iicbogota.esteri.it\/es\/wp-json\/wp\/v2\/tags?post=2243"}],"curies":[{"name":"wp","href":"https:\/\/api.w.org\/{rel}","templated":true}]}}