{"id":2226,"date":"2024-01-27T10:00:40","date_gmt":"2024-01-27T15:00:40","guid":{"rendered":"https:\/\/iicbogota.esteri.it\/?p=2226"},"modified":"2024-01-29T10:52:26","modified_gmt":"2024-01-29T15:52:26","slug":"intervento-dellon-ministro-antonio-tajani-allo-yad-vashem-di-gerusalemme","status":"publish","type":"post","link":"https:\/\/iicbogota.esteri.it\/es\/news\/dall_istituto\/2024\/01\/intervento-dellon-ministro-antonio-tajani-allo-yad-vashem-di-gerusalemme\/","title":{"rendered":"Intervenci\u00f3n del On. Ministro Antonio Tajani en el Yad Vashem de Jerusal\u00e9n"},"content":{"rendered":"<p style=\"text-align: left;\">El VicePresidente del Consejo y Ministro de Asuntos Exteriores y de la Cooperaci\u00f3n Internacional Antonio Tajani particip\u00f3 como invitado de honor en la ceremonia para el D\u00eda de la Memoria en el Yad Vashem de Jerusal\u00e9n.<br \/>\n&#8220;<em>Para mi es un gran honor traer mi voz y la del gobierno italiano en el d\u00eda de la memoria para las victimas del Holocausto, para as\u00ed gritar no al antisemitismo&#8221; <\/em>dijo Tajani en la intervenci\u00f3n que encuentran en el canal de <a href=\"https:\/\/www.youtube.com\/@MinisteroEsteri\">YouTube de la Farnesina<\/a>.<\/p>\n","protected":false},"excerpt":{"rendered":"El VicePresidente del Consejo y Ministro de Asuntos Exteriores y de la Cooperaci\u00f3n Internacional Antonio Tajani particip\u00f3 como invitado de honor en la ceremonia para el D\u00eda de la Memoria en el Yad Vashem de Jerusal\u00e9n. &#8220;Para mi es un gran honor traer mi voz y la del gobierno italiano en el d\u00eda de la [&hellip;]","protected":false},"author":3,"featured_media":0,"comment_status":"closed","ping_status":"closed","sticky":false,"template":"","format":"standard","meta":{"footnotes":""},"tags":[],"class_list":["post-2226","post","type-post","status-publish","format-standard","hentry"],"_links":{"self":[{"href":"https:\/\/iicbogota.esteri.it\/es\/wp-json\/wp\/v2\/posts\/2226","targetHints":{"allow":["GET"]}}],"collection":[{"href":"https:\/\/iicbogota.esteri.it\/es\/wp-json\/wp\/v2\/posts"}],"about":[{"href":"https:\/\/iicbogota.esteri.it\/es\/wp-json\/wp\/v2\/types\/post"}],"author":[{"embeddable":true,"href":"https:\/\/iicbogota.esteri.it\/es\/wp-json\/wp\/v2\/users\/3"}],"replies":[{"embeddable":true,"href":"https:\/\/iicbogota.esteri.it\/es\/wp-json\/wp\/v2\/comments?post=2226"}],"version-history":[{"count":2,"href":"https:\/\/iicbogota.esteri.it\/es\/wp-json\/wp\/v2\/posts\/2226\/revisions"}],"predecessor-version":[{"id":2230,"href":"https:\/\/iicbogota.esteri.it\/es\/wp-json\/wp\/v2\/posts\/2226\/revisions\/2230"}],"wp:attachment":[{"href":"https:\/\/iicbogota.esteri.it\/es\/wp-json\/wp\/v2\/media?parent=2226"}],"wp:term":[{"taxonomy":"post_tag","embeddable":true,"href":"https:\/\/iicbogota.esteri.it\/es\/wp-json\/wp\/v2\/tags?post=2226"}],"curies":[{"name":"wp","href":"https:\/\/api.w.org\/{rel}","templated":true}]}}